{"id":2924,"date":"2017-06-20T15:50:37","date_gmt":"2017-06-20T13:50:37","guid":{"rendered":"https:\/\/usscg.me\/?p=2924"},"modified":"2017-10-13T08:26:44","modified_gmt":"2017-10-13T06:26:44","slug":"odrzan-deveti-sastanak-zajednickog-konsultativnog-odbora","status":"publish","type":"post","link":"https:\/\/usscg.me\/en\/2017\/06\/20\/odrzan-deveti-sastanak-zajednickog-konsultativnog-odbora\/","title":{"rendered":"9th meeting of the Joint Consultative Committee"},"content":{"rendered":"<p><span id=\"result_box\" class=\"\" lang=\"en\"><span class=\"\">A two-day meeting of the Joint Consultative Committee (JCC) of Civil Society between the European Union and Montenegro was held in Budva, where representatives of the European and Montenegrin delegations discussed the most important topics regarding the public health and freedom of movement of goods, as well as the situation in civil society in Montenegro.<\/span><\/p>\n<p><span class=\"\">The Joint Declaration was adopted with concrete suggestions and recommendations to the Government in order to fulfill the final criteria in chapters covering the area of health protection and freedom of movement of goods, which are of particular importance for the quality of life of all Montenegrin citizens.<\/span> <span class=\"\">The JCC has also prepared a number of recommendations for the Government of Montenegro regarding the support to the civil sector and emphasized the need for equal treatment of all civil society organizations.<\/span><\/span><\/p>\n<p>&nbsp;<\/p>\n<p><img loading=\"lazy\" class=\"alignnone wp-image-2915\" src=\"https:\/\/usscg.me\/wp-content\/uploads\/2017\/06\/03-300x224.jpg\" alt=\"\" width=\"451\" height=\"337\" srcset=\"https:\/\/usscg.me\/wp-content\/uploads\/2017\/06\/03-300x224.jpg 300w, https:\/\/usscg.me\/wp-content\/uploads\/2017\/06\/03.jpg 500w\" sizes=\"(max-width: 451px) 100vw, 451px\" \/><\/p>\n<p><span id=\"result_box\" class=\"\" lang=\"en\"><span title=\"Ministar evropskih poslova, Aleksandar Andrija Pejovi\u0107, \u010dlanovima Odbora predstavio je aktuelni momenat u pregovorima istakav\u0161i unutra\u0161nju spremnost za otvaranje preostalih poglavlja, i rad na ispunjenju zavr\u0161nih mjerila koje \u0107e omogu\u0107iti ulazak u narednu fazu pregovora \u2013 zatvaranje poglavlja.\">Minister of European Affairs Aleksandar Andrija Pejovi\u0107 presented to the members of the Committee the current moment in the negotiations, pointing out the internal readiness to open the remaining chapters, and working on the fulfillment of the final criteria that will allow stepping forward into the next phase of the negotiations &#8211; closing the chapter. <\/span><span title=\"On je ukazao na zna\u010daj u\u010de\u0161\u0107a civilnog sektora u pregovorima istakav\u0161i njihov doprinos radu radnih grupa, kao i pripremi dokumenata klju\u010dnih za pregovara\u010dki proces.\">He pointed to the importance of civil sector participation in the negotiations, highlighting their contribution to the work of the working groups, as well as the preparation of documents crucial for the negotiation process. <\/span><span title=\"U tom kontekstu je istakao da sastanci Zajedni\u010dkog konsultativnog odbora predstavljaju dragocjen doprinos afirmaciji saradnje dr\u017eavnih organa i civilnog sektora, kao i podr\u0161ke civilnog sektora pristupnom procesu.\n\n\">In this context, he pointed out that the meetings of the Joint Consultative Committee represented a valuable contribution to the affirmation of cooperation between state authorities and the civil sector, as well as the support of the civil sector to the accession process.<\/p>\n<p><\/span><span title=\"\u017eVr\u0161ilac du\u017enosti \u0161efa Jedinice za Crnu Goru u Generalnoj direkciji EK za susjedsku politiku i pregovore o pro\u0161irenju, Tomas Haglajtner, osvrnuo se na aktuelno stanje u procesu pristupanja.\">Chief of the Head of the Unit for Montenegro at the EC General Directorate for Neighborhood Policy and Enlargement Negotiations, Thomas Hagleitner, spoke about the current situation in the accession process. <\/span><span title=\"On je pohvalio Crnu Goru za stabilan napredak koji ostvaruje u pristupnim pregovorima istakav\u0161i da tempo kretanja prema \u010dlanstvu odre\u0111uje kontinuirani napredak u oblasti vladavine prava.\">He praised Montenegro for the steady progress it has made in the accession negotiations, pointing out that the pace of movement towards membership is determined by continuous progress in the rule of law. <\/span><span title=\"Tako\u0111e je pozdravio posve\u0107enost Crne Gore fiskalnoj konsolidaciji.\n\n\">He also welcomed Montenegro&#8217;s commitment to fiscal consolidation.<\/p>\n<p><\/span><span title=\"Kopredsjedavaju\u0107i Odborom, Sr\u0111a Kekovi\u0107 istakao je zna\u010daj razmjene mi\u0161ljenja izme\u0111u socijalnih partnera i predstavnika Vlade i izrazio uvjerenje da \u0107e ZKO upravo biti dobar forum u budu\u0107nosti za ostale teme bitne za dalji napredak Crne Gore u pregovara\u010dkom procesu.\n\n\">Co-chair of the Committee, Sr\u0111a Kekovi\u0107 emphasized the importance of exchanging views between social partners and government representatives and expressed the belief that the JCC would be a good forum in the future for other topics relevant for further progress of Montenegro in the negotiation process.<\/p>\n<p><\/span><span title=\"Kopredsjedavaju\u0107a, Violeta Jeli\u0107, je izrazila uvjerenje da \u0107e Deklaracija usvojena na dana\u0161njem sastanku imati odjeka u Crnoj Gori i naglasila zna\u010daj ZKO-a kao mehanizma za razmjenu ideja, iskustava, smjernica u ukupnom procesu evropske integracije.\">The co-chair, Violeta Jeli\u0107, expressed her belief that the Declaration adopted at today&#8217;s meeting will have an echo in Montenegro and emphasized the importance of JCC as a mechanism for exchange of ideas, experiences, guidelines in the overall process of European integration.<\/span><\/span><\/p>\n<p>&nbsp;<\/p>\n","protected":false},"excerpt":{"rendered":"<p>A two-day meeting of the Joint Consultative Committee (JCC) of Civil Society between the European Union and Montenegro was held in Budva, where representatives of the European and Montenegrin delegations discussed the most important topics regarding the public health and freedom of movement of goods, as well as the situation in civil society in Montenegro.<\/p>\n","protected":false},"author":1,"featured_media":2915,"comment_status":"closed","ping_status":"open","sticky":false,"template":"","format":"standard","meta":[],"categories":[100],"tags":[],"acf":[],"_links":{"self":[{"href":"https:\/\/usscg.me\/en\/wp-json\/wp\/v2\/posts\/2924"}],"collection":[{"href":"https:\/\/usscg.me\/en\/wp-json\/wp\/v2\/posts"}],"about":[{"href":"https:\/\/usscg.me\/en\/wp-json\/wp\/v2\/types\/post"}],"author":[{"embeddable":true,"href":"https:\/\/usscg.me\/en\/wp-json\/wp\/v2\/users\/1"}],"replies":[{"embeddable":true,"href":"https:\/\/usscg.me\/en\/wp-json\/wp\/v2\/comments?post=2924"}],"version-history":[{"count":0,"href":"https:\/\/usscg.me\/en\/wp-json\/wp\/v2\/posts\/2924\/revisions"}],"wp:featuredmedia":[{"embeddable":true,"href":"https:\/\/usscg.me\/en\/wp-json\/wp\/v2\/media\/2915"}],"wp:attachment":[{"href":"https:\/\/usscg.me\/en\/wp-json\/wp\/v2\/media?parent=2924"}],"wp:term":[{"taxonomy":"category","embeddable":true,"href":"https:\/\/usscg.me\/en\/wp-json\/wp\/v2\/categories?post=2924"},{"taxonomy":"post_tag","embeddable":true,"href":"https:\/\/usscg.me\/en\/wp-json\/wp\/v2\/tags?post=2924"}],"curies":[{"name":"wp","href":"https:\/\/api.w.org\/{rel}","templated":true}]}}